{"id":1183,"date":"2025-10-23T21:33:34","date_gmt":"2025-10-23T19:33:34","guid":{"rendered":"https:\/\/apvm34.fr\/?p=1183"},"modified":"2025-11-07T16:36:31","modified_gmt":"2025-11-07T15:36:31","slug":"des-fraises-pour-le-renard-soiree-cine-debat","status":"publish","type":"post","link":"https:\/\/apvm34.fr\/index.php\/2025\/10\/23\/des-fraises-pour-le-renard-soiree-cine-debat\/","title":{"rendered":"DES FRAISES POUR LE RENARD : soir\u00e9e cin\u00e9-d\u00e9bat"},"content":{"rendered":"\n<p>Pour clore une ann\u00e9e marqu\u00e9e par de belles rencontres et de nombreux succ\u00e8s, APVM34 vous invite \u00e0 une soir\u00e9e cin\u00e9-d\u00e9bat autour du film <em><strong>Des fraises pour le renard<\/strong><\/em>, r\u00e9alis\u00e9 par St\u00e9phane Durand et Thierry Robert (dur\u00e9e : 55 min.).<\/p>\n\n\n\n<p>Rendez-vous le <strong>dimanche 23 novembre \u00e0 17h00, \u00e0 la salle des Micocouliers.<\/strong> La projection sera suivie d\u2019un \u00e9change anim\u00e9 par <strong>Corinne Cantaert<\/strong>, chroniqueuse \u00e0 RPH, en pr\u00e9sence de <strong>Christian Perrenot<\/strong> (collectif SAUVAGE) pour approfondir les th\u00e9matiques abord\u00e9es dans le film.<\/p>\n\n\n\n<p>Le film met en lumi\u00e8re une transformation agricole en plein essor dans les campagnes fran\u00e7aises, o\u00f9 des agriculteurs choisissent de cohabiter harmonieusement avec la faune sauvage. \u00c0 travers le parcours de trois fermes pionni\u00e8res, nous d\u00e9couvrons des pratiques qui favorisent la biodiversit\u00e9 et inversent le d\u00e9clin des esp\u00e8ces. Ces paysans d\u00e9montrent qu\u2019en accueillant la vie sauvage, l\u2019agriculture peut non seulement s\u2019adapter, mais aussi s\u2019enrichir. Une invitation \u00e0 repenser notre rapport \u00e0 la terre, et \u00e0 imaginer un mod\u00e8le agricole durable, respectueux du vivant et porteur d\u2019avenir.<\/p>\n\n\n\n<p>\u00c0 l\u2019issue du d\u00e9bat, les b\u00e9n\u00e9voles de l\u2019association vous proposeront une buvette avec des d\u00e9lices sal\u00e9es\/sucr\u00e9es maison, toujours pr\u00e9par\u00e9es avec soin et g\u00e9n\u00e9rosit\u00e9.<\/p>\n\n\n\n<p>Rencontre ouverte \u00e0 tou.te.s \u2013 Participation libre.<\/p>\n\n\n\n<figure class=\"wp-block-image size-large\"><img loading=\"lazy\" decoding=\"async\" width=\"725\" height=\"1024\" src=\"https:\/\/apvm34.fr\/wp-content\/uploads\/2025\/10\/Affiche-Des-fraises-pour-le-renard_A4-725x1024.jpg\" alt=\"\" class=\"wp-image-1188\" srcset=\"https:\/\/apvm34.fr\/wp-content\/uploads\/2025\/10\/Affiche-Des-fraises-pour-le-renard_A4-725x1024.jpg 725w, https:\/\/apvm34.fr\/wp-content\/uploads\/2025\/10\/Affiche-Des-fraises-pour-le-renard_A4-213x300.jpg 213w, https:\/\/apvm34.fr\/wp-content\/uploads\/2025\/10\/Affiche-Des-fraises-pour-le-renard_A4-768x1084.jpg 768w, https:\/\/apvm34.fr\/wp-content\/uploads\/2025\/10\/Affiche-Des-fraises-pour-le-renard_A4-1088x1536.jpg 1088w, https:\/\/apvm34.fr\/wp-content\/uploads\/2025\/10\/Affiche-Des-fraises-pour-le-renard_A4-1451x2048.jpg 1451w, https:\/\/apvm34.fr\/wp-content\/uploads\/2025\/10\/Affiche-Des-fraises-pour-le-renard_A4-scaled.jpg 1814w\" sizes=\"auto, (max-width: 725px) 100vw, 725px\" \/><\/figure>\n","protected":false},"excerpt":{"rendered":"<p>Pour clore une ann\u00e9e marqu\u00e9e par de belles rencontres et de nombreux succ\u00e8s, APVM34 vous invite \u00e0 une soir\u00e9e cin\u00e9-d\u00e9bat autour du film Des fraises pour le renard, r\u00e9alis\u00e9 par St\u00e9phane Durand et Thierry Robert (dur\u00e9e : 55 min.). Rendez-vous le dimanche 23 novembre \u00e0 17h00, \u00e0 la salle des Micocouliers. La projection sera suivie &hellip; <\/p>\n<p class=\"link-more\"><a href=\"https:\/\/apvm34.fr\/index.php\/2025\/10\/23\/des-fraises-pour-le-renard-soiree-cine-debat\/\" class=\"more-link\">Continuer la lecture<span class=\"screen-reader-text\"> de &laquo;&nbsp;DES FRAISES POUR LE RENARD : soir\u00e9e cin\u00e9-d\u00e9bat&nbsp;&raquo;<\/span><\/a><\/p>\n","protected":false},"author":1,"featured_media":0,"comment_status":"open","ping_status":"open","sticky":false,"template":"","format":"standard","meta":{"footnotes":""},"categories":[1],"tags":[],"class_list":["post-1183","post","type-post","status-publish","format-standard","hentry","category-non-classe"],"_links":{"self":[{"href":"https:\/\/apvm34.fr\/index.php\/wp-json\/wp\/v2\/posts\/1183","targetHints":{"allow":["GET"]}}],"collection":[{"href":"https:\/\/apvm34.fr\/index.php\/wp-json\/wp\/v2\/posts"}],"about":[{"href":"https:\/\/apvm34.fr\/index.php\/wp-json\/wp\/v2\/types\/post"}],"author":[{"embeddable":true,"href":"https:\/\/apvm34.fr\/index.php\/wp-json\/wp\/v2\/users\/1"}],"replies":[{"embeddable":true,"href":"https:\/\/apvm34.fr\/index.php\/wp-json\/wp\/v2\/comments?post=1183"}],"version-history":[{"count":3,"href":"https:\/\/apvm34.fr\/index.php\/wp-json\/wp\/v2\/posts\/1183\/revisions"}],"predecessor-version":[{"id":1189,"href":"https:\/\/apvm34.fr\/index.php\/wp-json\/wp\/v2\/posts\/1183\/revisions\/1189"}],"wp:attachment":[{"href":"https:\/\/apvm34.fr\/index.php\/wp-json\/wp\/v2\/media?parent=1183"}],"wp:term":[{"taxonomy":"category","embeddable":true,"href":"https:\/\/apvm34.fr\/index.php\/wp-json\/wp\/v2\/categories?post=1183"},{"taxonomy":"post_tag","embeddable":true,"href":"https:\/\/apvm34.fr\/index.php\/wp-json\/wp\/v2\/tags?post=1183"}],"curies":[{"name":"wp","href":"https:\/\/api.w.org\/{rel}","templated":true}]}}